{"id":92,"date":"2020-03-23T18:50:46","date_gmt":"2020-03-23T17:50:46","guid":{"rendered":"https:\/\/docenteslgtbi.es\/?p=92"},"modified":"2025-11-14T20:18:22","modified_gmt":"2025-11-14T19:18:22","slug":"dibujando-el-genero","status":"publish","type":"post","link":"https:\/\/docenteslgtbi.es\/index.php\/2020\/03\/23\/dibujando-el-genero\/","title":{"rendered":"Dibujando el g\u00e9nero"},"content":{"rendered":"\n<figure class=\"wp-block-image size-large\"><img loading=\"lazy\" decoding=\"async\" width=\"1024\" height=\"465\" src=\"https:\/\/docenteslgtbi.es\/wp-content\/uploads\/2020\/03\/dibujando-genero-1024x465.jpeg\" alt=\"\" class=\"wp-image-94\" srcset=\"https:\/\/docenteslgtbi.es\/wp-content\/uploads\/2020\/03\/dibujando-genero-1024x465.jpeg 1024w, https:\/\/docenteslgtbi.es\/wp-content\/uploads\/2020\/03\/dibujando-genero-300x136.jpeg 300w, https:\/\/docenteslgtbi.es\/wp-content\/uploads\/2020\/03\/dibujando-genero-768x349.jpeg 768w, https:\/\/docenteslgtbi.es\/wp-content\/uploads\/2020\/03\/dibujando-genero-1536x698.jpeg 1536w, https:\/\/docenteslgtbi.es\/wp-content\/uploads\/2020\/03\/dibujando-genero.jpeg 1580w\" sizes=\"auto, (max-width: 1024px) 100vw, 1024px\" \/><\/figure>\n\n\n\n<p><strong>P\u00e1gina web:<\/strong> <a href=\"http:\/\/www.dibgen.com\/index-es.html\">http:\/\/www.dibgen.com\/index-es.html<\/a><br><strong>Autor\u00eda:<\/strong> Gerard Coll-Planas y Maria Vidal (Egales) (2013)<\/p>\n\n\n\n<p>Proyecto dirigido a trabajar sobre el concepto de g\u00e9nero, seg\u00fan las aportaciones de los estudios de g\u00e9nero. Est\u00e1 dirigido a estudiantes de la ESO y se compone de un conjunto de cuatro v\u00eddeos cortos (de unos 5 min. cada uno) y cinco din\u00e1micas de clase, explicadas paso a paso.  <\/p>\n\n\n\n<p>El v\u00eddeo n.\u00ba 4 es especialmente interesante, as\u00ed como la actividad que le acompa\u00f1a. Estas actividades se pueden utilizar en Tutor\u00eda o en clases de Lenguas y de Ciencias Sociales, en funci\u00f3n de la din\u00e1mica elegida.<br><\/p>\n","protected":false},"excerpt":{"rendered":"<p>Proyecto dirigido a trabajar sobre el concepto de g\u00e9nero, seg\u00fan las aportaciones de los estudios de g\u00e9nero. Est\u00e1 dirigido a estudiantes de la ESO y se compone de un conjunto de cuatro v\u00eddeos cortos (de unos 5 min. cada uno) y cinco din\u00e1micas de clase, explicadas paso a paso.  <\/p>\n","protected":false},"author":1,"featured_media":94,"comment_status":"open","ping_status":"open","sticky":false,"template":"","format":"standard","meta":{"footnotes":""},"categories":[9,74,5],"tags":[15,21,22,19,18,20,16,17,11],"class_list":["post-92","post","type-post","status-publish","format-standard","has-post-thumbnail","hentry","category-actividades-secundaria","category-material-didactico","category-materiales","tag-biologismo","tag-ciencias-sociales","tag-educacion-plastica-y-visual","tag-estereotipos","tag-genero","tag-lengua","tag-privilegio","tag-sexo","tag-tutoria"],"_links":{"self":[{"href":"https:\/\/docenteslgtbi.es\/index.php\/wp-json\/wp\/v2\/posts\/92","targetHints":{"allow":["GET"]}}],"collection":[{"href":"https:\/\/docenteslgtbi.es\/index.php\/wp-json\/wp\/v2\/posts"}],"about":[{"href":"https:\/\/docenteslgtbi.es\/index.php\/wp-json\/wp\/v2\/types\/post"}],"author":[{"embeddable":true,"href":"https:\/\/docenteslgtbi.es\/index.php\/wp-json\/wp\/v2\/users\/1"}],"replies":[{"embeddable":true,"href":"https:\/\/docenteslgtbi.es\/index.php\/wp-json\/wp\/v2\/comments?post=92"}],"version-history":[{"count":3,"href":"https:\/\/docenteslgtbi.es\/index.php\/wp-json\/wp\/v2\/posts\/92\/revisions"}],"predecessor-version":[{"id":131,"href":"https:\/\/docenteslgtbi.es\/index.php\/wp-json\/wp\/v2\/posts\/92\/revisions\/131"}],"wp:featuredmedia":[{"embeddable":true,"href":"https:\/\/docenteslgtbi.es\/index.php\/wp-json\/wp\/v2\/media\/94"}],"wp:attachment":[{"href":"https:\/\/docenteslgtbi.es\/index.php\/wp-json\/wp\/v2\/media?parent=92"}],"wp:term":[{"taxonomy":"category","embeddable":true,"href":"https:\/\/docenteslgtbi.es\/index.php\/wp-json\/wp\/v2\/categories?post=92"},{"taxonomy":"post_tag","embeddable":true,"href":"https:\/\/docenteslgtbi.es\/index.php\/wp-json\/wp\/v2\/tags?post=92"}],"curies":[{"name":"wp","href":"https:\/\/api.w.org\/{rel}","templated":true}]}}