{"id":497,"date":"2026-04-09T18:44:22","date_gmt":"2026-04-09T17:44:22","guid":{"rendered":"https:\/\/docenteslgtbi.es\/?p=497"},"modified":"2026-04-15T18:26:57","modified_gmt":"2026-04-15T17:26:57","slug":"huelga-indefinida-escuelas-infantiles-0-3","status":"publish","type":"post","link":"https:\/\/docenteslgtbi.es\/index.php\/2026\/04\/09\/huelga-indefinida-escuelas-infantiles-0-3\/","title":{"rendered":"Huelga indefinida Escuelas infantiles 0-3. \u00a1Apoya!"},"content":{"rendered":"\n<p>Estos d\u00edas las compa\u00f1eras del primer ciclo de infantil se han embarcado en una huelga indefinida y <a href=\"https:\/\/www.instagram.com\/reel\/DW3FvV5DKZy\/\">desde nuestra asamblea<\/a> mandamos todo el calor y apoyo a esta acci\u00f3n.<\/p>\n\n\n\n<p>Estamos muy orgullosas de vosotras.<br>Lo que estamos viendo desde el martes es un <a href=\"https:\/\/www.elsaltodiario.com\/comunidad-madrid\/segundia-dia-huelga-indefinida-escuelas-infantiles\">ejemplo de organizaci\u00f3n<\/a> y rabia impresionante. Hab\u00e9is hecho un seguimiento de m\u00e1s del 40% y esto es algo que nos emociona y nos llena de esperanza.<\/p>\n\n\n\n<p>Esta lucha no s\u00f3lo es por vuestras condiciones laborales: es por la dignidad de la educaci\u00f3n p\u00fablica y por los derechos educativos de las criaturas con las que trabaj\u00e1is.<\/p>\n\n\n\n<p><\/p>\n\n\n\n<p>La administraci\u00f3n mantiene la educaci\u00f3n infantil en condiciones lamentables. Recordemos algunos <a href=\"https:\/\/www.instagram.com\/reel\/DWx4SdEoemx\/?igsh=MTZkc2g0ajk5bHRyeQ==\">datos<\/a>:<\/p>\n\n\n\n<div class=\"wp-block-media-text is-stacked-on-mobile\" style=\"grid-template-columns:36% auto\"><figure class=\"wp-block-media-text__media\"><img loading=\"lazy\" decoding=\"async\" width=\"600\" height=\"600\" src=\"https:\/\/docenteslgtbi.es\/wp-content\/uploads\/2026\/04\/ratios-0-3.avif\" alt=\"\" class=\"wp-image-498 size-full\"\/><\/figure><div class=\"wp-block-media-text__content\">\n<p>Cobran el salario m\u00ednimo interprofesional (un 40-60% menos que en otros pa\u00edses de la UE).<\/p>\n\n\n\n<p>Su categor\u00eda profesional no es docente, sino asistencial.<\/p>\n\n\n\n<p>Sostienen ratios elevad\u00edsimas con criaturas de entre 0 y 3 a\u00f1os, totalmente dependientes.<\/p>\n\n\n\n<p>Su calendario laboral es m\u00e1s extenso que el del resto de etapas educativas.<\/p>\n<\/div><\/div>\n\n\n\n<p>Por unas condiciones dignas para esta etapa crucial de la educaci\u00f3n: equiparaci\u00f3n salarial, bajada de ratios, equiparaci\u00f3n de categor\u00eda laboral, reducci\u00f3n de horas lectivas y de calendario.<\/p>\n\n\n\n<hr class=\"wp-block-separator has-alpha-channel-opacity\"\/>\n\n\n\n<p>En Docentes LGTBIAQ+ hemos decidido armar una <strong>caja de resistencia<\/strong> con el objetivo de cubrir de forma directa hasta el 80% de las p\u00e9rdidas de nuestras compa\u00f1eras durante la huelga.<\/p>\n\n\n\n<blockquote class=\"wp-block-quote is-layout-flow wp-block-quote-is-layout-flow\">\n<p><strong>Si quieres contribuir a la caja de resistencia, ven a nuestra asamblea del 20 de abril (18:30h en la Fundaci\u00f3n 26D) o <a href=\"https:\/\/docenteslgtbi.es\/index.php\/contacto\/\">contacta <\/a>con nosotres.<\/strong><\/p>\n<\/blockquote>\n\n\n\n<p>Adem\u00e1s, hay otras cajas de resistencia en marcha, como la de <a href=\"https:\/\/cgtmadrid-ense\u00f1anza.org\/informacion\/cajas-de-resistencia-huelga-indefinida-escuelas-infantiles-0-3\/\">CGT<\/a>.<\/p>\n\n\n\n<hr class=\"wp-block-separator has-alpha-channel-opacity\"\/>\n\n\n\n<div class=\"wp-block-media-text is-stacked-on-mobile\" style=\"grid-template-columns:36% auto\"><figure class=\"wp-block-media-text__media\"><img loading=\"lazy\" decoding=\"async\" width=\"720\" height=\"1019\" src=\"https:\/\/docenteslgtbi.es\/wp-content\/uploads\/2026\/04\/Infatil.-Calendario-de-acciones.jpg\" alt=\"Calendario de acciones. Semana del 7 al 10 de abril.\" class=\"wp-image-499 size-full\" srcset=\"https:\/\/docenteslgtbi.es\/wp-content\/uploads\/2026\/04\/Infatil.-Calendario-de-acciones.jpg 720w, https:\/\/docenteslgtbi.es\/wp-content\/uploads\/2026\/04\/Infatil.-Calendario-de-acciones-212x300.jpg 212w\" sizes=\"auto, (max-width: 720px) 100vw, 720px\" \/><\/figure><div class=\"wp-block-media-text__content\">\n<p>Nuestras compa\u00f1eras de infantil nos recuerdan la fuerza de la organizaci\u00f3n colectiva. Desde el martes, vemos piquetes en centros educativos, concentraciones frente a la <a href=\"https:\/\/www.instagram.com\/escuelasinfantilesplei\/p\/DW5hYAzDNwx\/\">Consejer\u00eda de Educaci\u00f3n<\/a> y en <a href=\"https:\/\/www.instagram.com\/escuelasinfantilesplei\/reel\/DW6taNhDMgh\/\">Callao<\/a>.<\/p>\n\n\n\n<p>Y las acciones contin\u00faan. La movilizaci\u00f3n est\u00e1 en marcha.<\/p>\n<\/div><\/div>\n\n\n\n<p><\/p>\n\n\n\n<p><\/p>\n\n\n\n<p><\/p>\n\n\n\n<p>Pod\u00e9is seguir los avances de la huelga y negociaciones en la cuenta de Instagram de la <a href=\"https:\/\/www.instagram.com\/escuelasinfantilesplei\/\">Plataforma de Escuelas Infantiles<\/a> y en su <a href=\"https:\/\/educadoraspleimadr.wixsite.com\/my-site\/copia-de-reivindicaciones\">web<\/a>.<\/p>\n\n\n\n<p>Sin educaci\u00f3n, no hay futuro.<\/p>\n\n\n\n<figure class=\"wp-block-image size-large\"><img loading=\"lazy\" decoding=\"async\" width=\"1024\" height=\"576\" src=\"https:\/\/docenteslgtbi.es\/wp-content\/uploads\/2026\/04\/Infantil-concentracion-consejeria-1024x576.webp\" alt=\"\" class=\"wp-image-500\" srcset=\"https:\/\/docenteslgtbi.es\/wp-content\/uploads\/2026\/04\/Infantil-concentracion-consejeria-1024x576.webp 1024w, https:\/\/docenteslgtbi.es\/wp-content\/uploads\/2026\/04\/Infantil-concentracion-consejeria-300x169.webp 300w, https:\/\/docenteslgtbi.es\/wp-content\/uploads\/2026\/04\/Infantil-concentracion-consejeria-768x432.webp 768w, https:\/\/docenteslgtbi.es\/wp-content\/uploads\/2026\/04\/Infantil-concentracion-consejeria.webp 1080w\" sizes=\"auto, (max-width: 1024px) 100vw, 1024px\" \/><\/figure>\n","protected":false},"excerpt":{"rendered":"<p>Estos d\u00edas las compa\u00f1eras del primer ciclo de infantil se han embarcado en una huelga indefinida y desde nuestra asamblea mandamos todo el calor y &hellip; <\/p>\n","protected":false},"author":1,"featured_media":507,"comment_status":"open","ping_status":"open","sticky":false,"template":"","format":"standard","meta":{"footnotes":""},"categories":[12],"tags":[],"class_list":["post-497","post","type-post","status-publish","format-standard","has-post-thumbnail","hentry","category-noticias"],"_links":{"self":[{"href":"https:\/\/docenteslgtbi.es\/index.php\/wp-json\/wp\/v2\/posts\/497","targetHints":{"allow":["GET"]}}],"collection":[{"href":"https:\/\/docenteslgtbi.es\/index.php\/wp-json\/wp\/v2\/posts"}],"about":[{"href":"https:\/\/docenteslgtbi.es\/index.php\/wp-json\/wp\/v2\/types\/post"}],"author":[{"embeddable":true,"href":"https:\/\/docenteslgtbi.es\/index.php\/wp-json\/wp\/v2\/users\/1"}],"replies":[{"embeddable":true,"href":"https:\/\/docenteslgtbi.es\/index.php\/wp-json\/wp\/v2\/comments?post=497"}],"version-history":[{"count":8,"href":"https:\/\/docenteslgtbi.es\/index.php\/wp-json\/wp\/v2\/posts\/497\/revisions"}],"predecessor-version":[{"id":525,"href":"https:\/\/docenteslgtbi.es\/index.php\/wp-json\/wp\/v2\/posts\/497\/revisions\/525"}],"wp:featuredmedia":[{"embeddable":true,"href":"https:\/\/docenteslgtbi.es\/index.php\/wp-json\/wp\/v2\/media\/507"}],"wp:attachment":[{"href":"https:\/\/docenteslgtbi.es\/index.php\/wp-json\/wp\/v2\/media?parent=497"}],"wp:term":[{"taxonomy":"category","embeddable":true,"href":"https:\/\/docenteslgtbi.es\/index.php\/wp-json\/wp\/v2\/categories?post=497"},{"taxonomy":"post_tag","embeddable":true,"href":"https:\/\/docenteslgtbi.es\/index.php\/wp-json\/wp\/v2\/tags?post=497"}],"curies":[{"name":"wp","href":"https:\/\/api.w.org\/{rel}","templated":true}]}}