{"id":399,"date":"2025-09-02T10:14:43","date_gmt":"2025-09-02T09:14:43","guid":{"rendered":"https:\/\/docenteslgtbi.es\/?p=399"},"modified":"2025-09-02T10:47:31","modified_gmt":"2025-09-02T09:47:31","slug":"que-hemos-hecho-en-2024-25","status":"publish","type":"post","link":"https:\/\/docenteslgtbi.es\/index.php\/2025\/09\/02\/que-hemos-hecho-en-2024-25\/","title":{"rendered":"\u00bfQu\u00e9 hemos hecho en 2024-25?"},"content":{"rendered":"\n<p>\nDurante el curso 2024-2025 en Docentes LGTBIAQ+ hemos estado actives\njunt\u00e1ndonos cada mes en asambleas. \u00a1Pero no solo! Este curso ha\nestado cargado de proyectos, colaboraciones, reivindicaciones\u2026 No\nsiempre ha sido f\u00e1cil, y hemos hecho frente a situaciones de\nviolencia, de conflicto y de complejidad, pero tambi\u00e9n hemos\nencontrado mucha ilusi\u00f3n y fuerza en el colectivo y en construir\nredes con otras colectivas.<\/p>\n\n\n\n<p>Hacemos un repaso de\nlas cosas en las que nos embarcamos el curso pasado. Y si lo\nprefer\u00eds, pod\u00e9is encontrar un recorrido similar por la actividad de\nnuestro a\u00f1o (\u00a1y mucho m\u00e1s!) en el podcast que grabamos con <a href=\"https:\/\/open.spotify.com\/episode\/5GDgOFvGAgAqGndTOrlQTZ?si=95e16e7fe91d4dd2\">OCM\n<\/a><a href=\"https:\/\/open.spotify.com\/episode\/5GDgOFvGAgAqGndTOrlQTZ?si=95e16e7fe91d4dd2\">Radio<\/a>\nen junio.<\/p>\n\n\n\n<p>Comenzamos en\nseptiembre compartiendo <a href=\"https:\/\/www.instagram.com\/docenteslgtbiplus\/p\/C_r8Ik4KC3m\/\">consejos<\/a>\npara construir un principio de curso m\u00e1s amable y seguro para todo\nel mundo en los centros educativos.<\/p>\n\n\n\n<p>Poquito despu\u00e9s participamos en una mesa en el <a href=\"https:\/\/www.instagram.com\/docenteslgtbiplus\/p\/DAdsrYZqbwM\/\">III Congreso de Educaci\u00f3n Cr\u00edtica e Inclusiva<\/a> aportando una perspectiva queer en relaci\u00f3n a la pedagog\u00eda. En este congreso nos llam\u00f3 la atenci\u00f3n la carencia de referencias a las realidades LGTBIAQ+, y a ra\u00edz de este vac\u00edo nos pusimos en contacto con colectivos memorialistas vinculados con educaci\u00f3n. As\u00ed, empezamos a colaborar con el colectivo <a href=\"https:\/\/www.aulasconmemoria.com\/\">Aulas con Memoria<\/a> con la intenci\u00f3n de participar en su proyecto para crear materiales did\u00e1cticos vinculados con la memoria LGTBIAQ+.<\/p>\n\n\n\n<p>En octubre\nfacilitamos un encuentro-taller sobre pr\u00e1cticas educativas y\nherramientas para construir centros escolares m\u00e1s seguros para\npersonas LGTBIAQ+. \n<\/p>\n\n\n\n<p>Salimos del centro\nde la Pen\u00ednsula para asistir a las jornadas de <a href=\"https:\/\/extremaduraentiende.org\/\">Extremadura\nEntiende<\/a> en C\u00e1ceres. Nos sumamos a talleres de microrrelatos, de\nsexualidad, de batucada\u2026 All\u00ed tuvimos la bonita oportunidad de\ncontactar con otras compa\u00f1eras de otros lugares.<\/p>\n\n\n\n<p>Y acabamos el a\u00f1o\npor todo lo alto reivindicando nuestras Q y +, con nuestro \u00faltimo\nhit, el no villancico <a href=\"https:\/\/www.youtube.com\/shorts\/llHZ5OdL3hg\"><em>\u00a1No\nte quedes fuera t\u00fa!<\/em><\/a> Que goz\u00e1ndolo y entre risas, la lucha\npor nuestros derechos se hace m\u00e1s disfrutona.<\/p>\n\n\n\n<p>Ya con tiempo\nprimaveral tuvimos la alegr\u00eda de participar en las jornadas SIGE de\nla Universidad Complutense. Que va por la 18\u00aa edici\u00f3n ya\u2026 La mesa\nen la que participamos fue la de \u201cReflexiones y\npropuestas sobre las realidades trans y no binarias en el \u00e1mbito\neducativo\u201d.<\/p>\n\n\n\n<p>Pronto\nlleg\u00f3 el 1\u00ba de mayo interseccional y all\u00ed que estuvimos, porque\nsolo autorganiz\u00e1ndonos y construyendo entre colectivas tenemos\nverdadera fuerza. Como\ndocentes nos posicionamos contra la\nmilitarizaci\u00f3n y\nla\nrepresi\u00f3n hacia las disidencias.<\/p>\n\n\n\n<p>Pero\nno todo va de movilizarnos\nhacia fuera. Tambi\u00e9n organizamos varias formaciones internas, para\nnutrirnos como educadoras y educadores y como grupo. En mayo tuvimos\nel inmenso de privilegio de contar con <a href=\"https:\/\/www.instagram.com\/docenteslgtbiplus\/reel\/DJSYK7-KW7V\/\">val\nflores en una formaci\u00f3n<\/a>\nmuy enriquecedora, y m\u00e1s adelante con Mois\u00e9s Fern\u00e1ndez Cano,\nen un recorrido por el Madrid de Vagos\ny maleantes, donde conocimos parte de una historia para la mayor\u00eda\ndesconocida de nuestra propia ciudad.<\/p>\n\n\n\n<p>Entre\nnuestras \u00faltimas acciones del curso est\u00e1 nuestra\ncelebraci\u00f3n de fin de curso. En esta ocasi\u00f3n, organizamos una\nKafeta\ncolectiva con\nTrans en Lucha. En ella pusimos en contexto la experiencia como\nprofesionales de la educaci\u00f3n en las escuelas y participamos en un\ntaller\nde fanzines dinamizado\npor Trans en Lucha.\nTodo regado con ricas bebidas y viandas. Terminamos\ncon nuestro m\u00edtico bingo musical, para despu\u00e9s dirigirnos hacia una\nmanifestaci\u00f3n contra la represi\u00f3n.<\/p>\n\n\n\n<p>Ya\nen junio colaboramos con OMC Radio en este\n<a href=\"https:\/\/open.spotify.com\/episode\/5GDgOFvGAgAqGndTOrlQTZ?si=95e16e7fe91d4dd2\">podcast<\/a>,\nTizas\nen red,\nen\nel que tratamos temas como\nnuestras\nexperiencias como personas LGTBIAQ+ en educaci\u00f3n\ny\nnuestra organizaci\u00f3n como asamblea. Adem\u00e1s,\nhacemos un recorrido por las cosas emocionantes que hemos hecho en el\ncurso pasado, poniendo especial \u00e9nfasis en c\u00f3mo hemos tejido\ncolaboraciones nutritivas con otras colectivas.<\/p>\n\n\n\n<p>Aparte\nde todos\nestos eventos, hemos estado participando activamente en acciones\ncontra el genocidio en Palestina, as\u00ed como por la defensa de la\neducaci\u00f3n p\u00fablica a trav\u00e9s de la plataforma de Menos Lectivas\nadem\u00e1s de otras causas a las que somos afines.<\/p>\n\n\n\n<p>\nMol\u00f3n,\n\u00bfverdad? Pues este curso, \u00a1m\u00e1s!<\/p>\n\n\n\n<p>\nSi\nte interesa participar con nosotres, puedes contactarnos por redes o\npor correo o venir a alguna de las asambleas que enunciaremos\npr\u00f3ximamente.<\/p>\n","protected":false},"excerpt":{"rendered":"<p>Durante el curso 2024-2025 en Docentes LGTBIAQ+ hemos estado actives junt\u00e1ndonos cada mes en asambleas. \u00a1Pero no solo! Este curso ha estado cargado de proyectos, &hellip; <\/p>\n","protected":false},"author":1,"featured_media":406,"comment_status":"open","ping_status":"open","sticky":false,"template":"","format":"standard","meta":{"footnotes":""},"categories":[12],"tags":[],"class_list":["post-399","post","type-post","status-publish","format-standard","has-post-thumbnail","hentry","category-noticias"],"_links":{"self":[{"href":"https:\/\/docenteslgtbi.es\/index.php\/wp-json\/wp\/v2\/posts\/399","targetHints":{"allow":["GET"]}}],"collection":[{"href":"https:\/\/docenteslgtbi.es\/index.php\/wp-json\/wp\/v2\/posts"}],"about":[{"href":"https:\/\/docenteslgtbi.es\/index.php\/wp-json\/wp\/v2\/types\/post"}],"author":[{"embeddable":true,"href":"https:\/\/docenteslgtbi.es\/index.php\/wp-json\/wp\/v2\/users\/1"}],"replies":[{"embeddable":true,"href":"https:\/\/docenteslgtbi.es\/index.php\/wp-json\/wp\/v2\/comments?post=399"}],"version-history":[{"count":2,"href":"https:\/\/docenteslgtbi.es\/index.php\/wp-json\/wp\/v2\/posts\/399\/revisions"}],"predecessor-version":[{"id":403,"href":"https:\/\/docenteslgtbi.es\/index.php\/wp-json\/wp\/v2\/posts\/399\/revisions\/403"}],"wp:featuredmedia":[{"embeddable":true,"href":"https:\/\/docenteslgtbi.es\/index.php\/wp-json\/wp\/v2\/media\/406"}],"wp:attachment":[{"href":"https:\/\/docenteslgtbi.es\/index.php\/wp-json\/wp\/v2\/media?parent=399"}],"wp:term":[{"taxonomy":"category","embeddable":true,"href":"https:\/\/docenteslgtbi.es\/index.php\/wp-json\/wp\/v2\/categories?post=399"},{"taxonomy":"post_tag","embeddable":true,"href":"https:\/\/docenteslgtbi.es\/index.php\/wp-json\/wp\/v2\/tags?post=399"}],"curies":[{"name":"wp","href":"https:\/\/api.w.org\/{rel}","templated":true}]}}