{"id":344,"date":"2023-09-28T22:12:08","date_gmt":"2023-09-28T21:12:08","guid":{"rendered":"https:\/\/docenteslgtbi.es\/?p=344"},"modified":"2025-09-02T10:51:44","modified_gmt":"2025-09-02T09:51:44","slug":"i-jornadas-ucm-docentes-lgtbi","status":"publish","type":"post","link":"https:\/\/docenteslgtbi.es\/index.php\/2023\/09\/28\/i-jornadas-ucm-docentes-lgtbi\/","title":{"rendered":"I JORNADAS UCM-DOCENTES LGTBI+"},"content":{"rendered":"\n<p><strong>EDUCANDO DESDE LOS M\u00c1RGENES:<br> DISIDENCIAS SEXO-GEN\u00c9RICAS Y SU ABORDAJE DESDE LAS PEDAGOG\u00cdAS QUEER<\/strong><\/p>\n\n\n\n<figure class=\"wp-block-image size-large\"><img loading=\"lazy\" decoding=\"async\" width=\"926\" height=\"892\" src=\"https:\/\/docenteslgtbi.es\/wp-content\/uploads\/2023\/09\/Jorndas-UCM-Docentes-LGTBI.jpg\" alt=\"\" class=\"wp-image-350\" srcset=\"https:\/\/docenteslgtbi.es\/wp-content\/uploads\/2023\/09\/Jorndas-UCM-Docentes-LGTBI.jpg 926w, https:\/\/docenteslgtbi.es\/wp-content\/uploads\/2023\/09\/Jorndas-UCM-Docentes-LGTBI-300x289.jpg 300w, https:\/\/docenteslgtbi.es\/wp-content\/uploads\/2023\/09\/Jorndas-UCM-Docentes-LGTBI-768x740.jpg 768w\" sizes=\"auto, (max-width: 926px) 100vw, 926px\" \/><\/figure>\n\n\n\n<p><strong>JUEVES, 16 DE NOVIEMBRE 2023<\/strong><\/p>\n\n\n\n<p><strong>09:30H Presentaci\u00f3n institucional<\/strong><\/p>\n\n\n\n<ul class=\"wp-block-list\"><li>Bel\u00e9n S\u00e1enz-Rico de Santiago. Directora Departamento Estudios Educativos.<\/li><li>Lydia Serrano Gregorio. Delegada del Decano para Participaci\u00f3n, Salud y Bienestar. <\/li><li>Luis Alegre Zahonero. Coordinador del M\u00e1ster de Estudios LGBTIQ+UCM. <\/li><li>Mercedes S\u00e1nchez S\u00e1inz. Co-coordinadora de las Jornadas. <\/li><li>Mar\u00eda Montes. Asamblea Docentes LGBTI+.<\/li><\/ul>\n\n\n\n<p class=\"has-text-color has-very-dark-gray-color\"><strong>10:00 H  Hacer del aula una revuelta cuir. Arte, Educaci\u00f3n y Pedagog\u00edas Queer.<\/strong><br> Yera Moreno S\u00e1enz-Ezquerra. Profesora UCM, Artista. Facultad Bellas Artes.<br> 11:30 H Descanso<br><strong> 12:00 H  \u00bfQu\u00e9 est\u00e1 pasando? Existencias disidentes dentro del sistema educativo.<\/strong><br>Rub\u00e9n Jos\u00e9 Pereira. Docente Primaria.<br> Ariel Casilla. Estudiante Bachillerato.<br> Jesse Roble\u00f1o Garc\u00eda. Estudiante Bachillerato y miembro de Euforia,Familias Trans-aliadas.<br> Chloe Llorente Fern\u00e1ndez . Egresada M\u00e1ster Estudios LGTBIQ+<br> Sandra Cendal L\u00f3pez. Editora y madre.<br> Iv\u00e1n V\u00e1zquez. Docente Universidad.<br> Modera Melani Penna Tosso. Docente Facultad Educaci\u00f3n UCM<br> 14:30 H Descanso<\/p>\n\n\n\n<div class=\"wp-block-group is-layout-flow wp-block-group-is-layout-flow\"><div class=\"wp-block-group__inner-container\"><\/div><\/div>\n\n\n\n<p class=\"has-text-color has-very-dark-gray-color\"><strong>16:00 H Talleres simult\u00e1neos<\/strong><br> <strong>TALLER 1. Acompa\u00f1ando sexualidades:<\/strong> Un taller expr\u00e9s deEducaci\u00f3n Sexual. Nuria Cano. (1h30&#8242;)<br> <strong>TALLER 2. Cuerpos en movimiento:<\/strong> Leo G\u00f3mez Perea y Virginia Gonz\u00e1lez Ventosa. (1h30&#8242;)<br> <strong>TALLER 3. Creaci\u00f3n colectiva de personajes: <\/strong>Espacio de reflexi\u00f3n sobre las representaciones de g\u00e9nero, la diversidad y la creatividad.Olga de Dios. (3h)<br> <strong>TALLER 4. Laboratorio de exploraci\u00f3n Drag King:  <\/strong>Arte y Educaci\u00f3n no formal como motor de cambio. Drag King Espa\u00f1a. (3h)<br> <strong>19:00 H Visibilizando la Facultad. <\/strong>Muestra de trabajos hechos en los talleres.<br> 19:30 H Prueba para obtenci\u00f3n de cr\u00e9ditos<\/p>\n\n\n\n<p><strong>VIERNES, 17 DE NOVIEMBRE 2023<\/strong><\/p>\n\n\n\n<p><strong>10:00 H  Asambleando la Facultad.<\/strong> <br>   Modera Alberto S\u00e1nchez Rojo. Secretario Acad\u00e9mico Departamento Estudios Educativos.<\/p>\n\n\n\n<ul class=\"wp-block-list\"><li>Escuelas Infantiles: Jara Iris Garc\u00eda Oma\u00f1a.<\/li><li>EOEP: Helena Mart\u00edn Alonso.<\/li><li>Educaci\u00f3n Infantil 3-6: Laura Mart\u00edn Arribas.<\/li><li>Educaci\u00f3n Primaria: maestra por confirmar<\/li><li>ESO: \u00c1ngel Herrera Cervera<\/li><li>Educaci\u00f3n Especial: Bel\u00e9n de la Rosa Rodr\u00edguez.<\/li><li>Universidad: Mercedes S\u00e1nchez S\u00e1inz.<\/li><li>Educaci\u00f3n no formal: L\u00eda D\u00edez-Canseco Esteban.<\/li><\/ul>\n\n\n\n<p>11:30 H Descanso<\/p>\n\n\n\n<p><strong>12:00 H No hay excusas. Ideas de posible aplicaci\u00f3n en la educaci\u00f3n formal y no formal.<\/strong> <\/p>\n\n\n\n<p>Modera Ra\u00fal Garc\u00eda Medina. Coordinaci\u00f3n Grado de Educaci\u00f3n Social.<\/p>\n\n\n\n<ul class=\"wp-block-list\"><li>Saida Garc\u00eda. Euforia Familias Trans-Aliadas.<\/li><li> Sandra S\u00e1nchez Mi\u00f1ambres. Equipos directivos.<\/li><li> Leo G\u00f3mez Perea. Aulas LGTBIQ+ en Educaci\u00f3n Formal.<\/li><li> Melani Penna Tosso. Materiales interseccionales.<\/li><li> Camino Bar\u00f3 San Frutos. Kaleidos, organizaci\u00f3n intersex por la diversidad.<\/li><\/ul>\n\n\n\n<p><strong>16:00 H Lo queer no te quita lo\u2026 clasista, gord\u00f3fobo, capacitista, racista, antigitanista, loc\u00f3fobo\u2026<\/strong><\/p>\n\n\n\n<p>Modera Mercedes S\u00e1nchez S\u00e1inz. Docente Facultad Educaci\u00f3n. UCM.<\/p>\n\n\n\n<ul class=\"wp-block-list\"><li>Leticia Lamas Carnicero<\/li><li>  Teresa Garc\u00eda del Vello. Bloque gorde<\/li><li>  Elena Prous.<\/li><li>  Aicha Josefa Trinidad Gououl.<\/li><li>  Fernando Mac\u00edas Aranda. Profesor Facultad Educaci\u00f3n UB.Investigador Centro de Estudios Gitanos CREA-UB<\/li><li>  Mar\u00eda Hontoria Mart\u00edn del Campo. Maestra travesada por una ansiedad altamente funcional.<\/li><\/ul>\n\n\n\n<p>18:30 H Descanso<br> <strong>19:00 H Clausura de las Jornadas<\/strong><br> Melani Penna Tosso. Co-coordinadora de las Jornadas y Asamblea de Docentes LGTBI+.<br><strong>19:30 H Cierre Sorpresa<\/strong><\/p>\n\n\n\n<p><\/p>\n\n\n\n<p><strong>INSCR\u00cdBETE AQU\u00cd:<\/strong> <a href=\"https:\/\/docs.google.com\/forms\/d\/e\/1FAIpQLSfSIgi1c3C4CNGGBN6WBnNYqrIPfZdSPFXpOLyuQ6hH1RJmsQ\/viewform\">https:\/\/docs.google.com\/forms\/d\/e\/1FAIpQLSfSIgi1c3C4CNGGBN6WBnNYqrIPfZdSPFXpOLyuQ6hH1RJmsQ\/viewform<\/a><\/p>\n\n\n\n<div class=\"wp-block-file\"><a href=\"https:\/\/docenteslgtbi.es\/wp-content\/uploads\/2023\/10\/Folleto-Di\u0301ptico-Jornadas-Docentes-LGTBI.pdf\"><br><strong>Descarga aqu\u00ed el folleto: <\/strong>Folleto-Di\u0301ptico-Jornadas-Docentes-LGTBI<\/a><a href=\"https:\/\/docenteslgtbi.es\/wp-content\/uploads\/2023\/10\/Folleto-Di\u0301ptico-Jornadas-Docentes-LGTBI.pdf\" class=\"wp-block-file__button\" download>Descarga<\/a><\/div>\n\n\n\n<p><br> <br><\/p>\n\n\n\n<p><\/p>\n","protected":false},"excerpt":{"rendered":"<p>EDUCANDO DESDE LOS M\u00c1RGENES: DISIDENCIAS SEXO-GEN\u00c9RICAS Y SU ABORDAJE DESDE LAS PEDAGOG\u00cdAS QUEER JUEVES, 16 DE NOVIEMBRE 2023 09:30H Presentaci\u00f3n institucional Bel\u00e9n S\u00e1enz-Rico de Santiago. &hellip; <\/p>\n","protected":false},"author":1,"featured_media":350,"comment_status":"open","ping_status":"open","sticky":false,"template":"","format":"standard","meta":{"footnotes":""},"categories":[36],"tags":[],"class_list":["post-344","post","type-post","status-publish","format-standard","has-post-thumbnail","hentry","category-incidencia"],"_links":{"self":[{"href":"https:\/\/docenteslgtbi.es\/index.php\/wp-json\/wp\/v2\/posts\/344","targetHints":{"allow":["GET"]}}],"collection":[{"href":"https:\/\/docenteslgtbi.es\/index.php\/wp-json\/wp\/v2\/posts"}],"about":[{"href":"https:\/\/docenteslgtbi.es\/index.php\/wp-json\/wp\/v2\/types\/post"}],"author":[{"embeddable":true,"href":"https:\/\/docenteslgtbi.es\/index.php\/wp-json\/wp\/v2\/users\/1"}],"replies":[{"embeddable":true,"href":"https:\/\/docenteslgtbi.es\/index.php\/wp-json\/wp\/v2\/comments?post=344"}],"version-history":[{"count":13,"href":"https:\/\/docenteslgtbi.es\/index.php\/wp-json\/wp\/v2\/posts\/344\/revisions"}],"predecessor-version":[{"id":366,"href":"https:\/\/docenteslgtbi.es\/index.php\/wp-json\/wp\/v2\/posts\/344\/revisions\/366"}],"wp:featuredmedia":[{"embeddable":true,"href":"https:\/\/docenteslgtbi.es\/index.php\/wp-json\/wp\/v2\/media\/350"}],"wp:attachment":[{"href":"https:\/\/docenteslgtbi.es\/index.php\/wp-json\/wp\/v2\/media?parent=344"}],"wp:term":[{"taxonomy":"category","embeddable":true,"href":"https:\/\/docenteslgtbi.es\/index.php\/wp-json\/wp\/v2\/categories?post=344"},{"taxonomy":"post_tag","embeddable":true,"href":"https:\/\/docenteslgtbi.es\/index.php\/wp-json\/wp\/v2\/tags?post=344"}],"curies":[{"name":"wp","href":"https:\/\/api.w.org\/{rel}","templated":true}]}}