{"id":327,"date":"2022-10-24T21:33:53","date_gmt":"2022-10-24T20:33:53","guid":{"rendered":"https:\/\/docenteslgtbi.es\/?p=327"},"modified":"2025-09-02T10:52:59","modified_gmt":"2025-09-02T09:52:59","slug":"encuentro-por-la-publica","status":"publish","type":"post","link":"https:\/\/docenteslgtbi.es\/index.php\/2022\/10\/24\/encuentro-por-la-publica\/","title":{"rendered":"Encuentro por la P\u00fablica"},"content":{"rendered":"\n<figure class=\"wp-block-image size-large\"><img loading=\"lazy\" decoding=\"async\" width=\"724\" height=\"1024\" src=\"https:\/\/docenteslgtbi.es\/wp-content\/uploads\/2022\/10\/encuentroporlapublica-724x1024.jpeg\" alt=\"\" class=\"wp-image-328\" srcset=\"https:\/\/docenteslgtbi.es\/wp-content\/uploads\/2022\/10\/encuentroporlapublica-724x1024.jpeg 724w, https:\/\/docenteslgtbi.es\/wp-content\/uploads\/2022\/10\/encuentroporlapublica-212x300.jpeg 212w, https:\/\/docenteslgtbi.es\/wp-content\/uploads\/2022\/10\/encuentroporlapublica-768x1086.jpeg 768w, https:\/\/docenteslgtbi.es\/wp-content\/uploads\/2022\/10\/encuentroporlapublica.jpeg 905w\" sizes=\"auto, (max-width: 724px) 100vw, 724px\" \/><\/figure>\n\n\n\n<p>Un mont\u00f3n de colectivos, AFAs y AMPAs, profes, como la <a href=\"http:\/\/mareaverdemadrid.blogspot.com\/\">Marea Verde<\/a>, <a href=\"http:\/\/www.yoestudieenlapublica.org\">Yo estudi\u00e9 en la p\u00fablica<\/a>, la <a href=\"https:\/\/www.revueltaescolar.com\/\">Revuelta escolar<\/a>&#8230;  preocupadas por la deriva de la educaci\u00f3n p\u00fablica madrile\u00f1a nos reunimos para pensar juntas, analizar la situaci\u00f3n, conocer qu\u00e9 estamos haciendo desde diferente \u00e1mbitos para mejorarla y plantearnos estrategias de acci\u00f3n para este curso.<\/p>\n\n\n\n<p>La sesi\u00f3n tendr\u00e1 dos partes: por la ma\u00f1ana haremos el diagn\u00f3stico, conociendo la situaci\u00f3n actual (con la intervenci\u00f3n de Guadalupe Jover y Marta Gonz\u00e1lez, entre otros representantes de plataformas educativas) y algunas pr\u00e1cticas de \u00e9xito y por la tarde en un formato de taller participativo elaboraremos una hoja de ruta para futuras acciones en com\u00fan.<\/p>\n\n\n\n<p>Nos vemos el d\u00eda 5 de noviembre de 11:00 a 18:00 en la Casa del cura, en la Plaza del Dos de mayo. <\/p>\n\n\n\n<p>Si est\u00e1s interesada, ap\u00fantate en este enlace <a rel=\"noreferrer noopener\" href=\"https:\/\/forms.gle\/VGH2GeToL9DsDoMAA\" target=\"_blank\">https:\/\/forms.gle\/VGH2GeToL9DsDoMAA<\/a><\/p>\n","protected":false},"excerpt":{"rendered":"<p>Un mont\u00f3n de colectivos, AFAs y AMPAs, profes, como la Marea Verde, Yo estudi\u00e9 en la p\u00fablica, la Revuelta escolar&#8230; preocupadas por la deriva de &hellip; <\/p>\n","protected":false},"author":1,"featured_media":328,"comment_status":"open","ping_status":"open","sticky":false,"template":"","format":"standard","meta":{"footnotes":""},"categories":[36],"tags":[],"class_list":["post-327","post","type-post","status-publish","format-standard","has-post-thumbnail","hentry","category-incidencia"],"_links":{"self":[{"href":"https:\/\/docenteslgtbi.es\/index.php\/wp-json\/wp\/v2\/posts\/327","targetHints":{"allow":["GET"]}}],"collection":[{"href":"https:\/\/docenteslgtbi.es\/index.php\/wp-json\/wp\/v2\/posts"}],"about":[{"href":"https:\/\/docenteslgtbi.es\/index.php\/wp-json\/wp\/v2\/types\/post"}],"author":[{"embeddable":true,"href":"https:\/\/docenteslgtbi.es\/index.php\/wp-json\/wp\/v2\/users\/1"}],"replies":[{"embeddable":true,"href":"https:\/\/docenteslgtbi.es\/index.php\/wp-json\/wp\/v2\/comments?post=327"}],"version-history":[{"count":3,"href":"https:\/\/docenteslgtbi.es\/index.php\/wp-json\/wp\/v2\/posts\/327\/revisions"}],"predecessor-version":[{"id":332,"href":"https:\/\/docenteslgtbi.es\/index.php\/wp-json\/wp\/v2\/posts\/327\/revisions\/332"}],"wp:featuredmedia":[{"embeddable":true,"href":"https:\/\/docenteslgtbi.es\/index.php\/wp-json\/wp\/v2\/media\/328"}],"wp:attachment":[{"href":"https:\/\/docenteslgtbi.es\/index.php\/wp-json\/wp\/v2\/media?parent=327"}],"wp:term":[{"taxonomy":"category","embeddable":true,"href":"https:\/\/docenteslgtbi.es\/index.php\/wp-json\/wp\/v2\/categories?post=327"},{"taxonomy":"post_tag","embeddable":true,"href":"https:\/\/docenteslgtbi.es\/index.php\/wp-json\/wp\/v2\/tags?post=327"}],"curies":[{"name":"wp","href":"https:\/\/api.w.org\/{rel}","templated":true}]}}