{"id":135,"date":"2020-04-22T17:35:03","date_gmt":"2020-04-22T16:35:03","guid":{"rendered":"https:\/\/docenteslgtbi.es\/?p=135"},"modified":"2020-04-22T17:42:26","modified_gmt":"2020-04-22T16:42:26","slug":"contra-la-agresion-a-mikel","status":"publish","type":"post","link":"https:\/\/docenteslgtbi.es\/index.php\/2020\/04\/22\/contra-la-agresion-a-mikel\/","title":{"rendered":"Contra la agresi\u00f3n a Mikel"},"content":{"rendered":"\n<p>El 23 de marzo un maestro fue zarandeado, empujado, insultado y vejado a causa de su identidad sexual en Cebreros (\u00c1vila). En esos d\u00edas desde Docentes LGTBI+ dimos difusi\u00f3n a la <a href=\"https:\/\/cadenaser.com\/emisora\/2020\/03\/26\/ser_avila\/1585210951_544779.html\">noticia<\/a> y al propio testimonio de Mikel en la Cadena Ser.<\/p>\n\n\n\n<p>Como docentes estamos experimentando d\u00edas llenos de incertidumbres, de distanciamientos, de dificultades y cuestionamientos&#8230;<\/p>\n\n\n\n<p>Pero a pesar de todas las situaciones y condicionantes que esta crisis sanitaria y social est\u00e1 generando, nos parece importante alzar la voz y condenar en\u00e9rgicamente el ataque sufrido por Mikel, que nos parece una muestra de que en situaciones excepcionales las violencias -en este caso tr\u00e1nsfoba- se agravan y corren m\u00e1s riesgo de ser invisibilizadas.<\/p>\n\n\n\n<p>Compa\u00f1ero, te enviamos el apoyo solidario y afectuoso de todas las personas vinculadas a este colectivo.<\/p>\n\n\n\n<p>Desde Docentes LGTBI+ exigimos que se tomen medidas para que los espacios que habitamos, con especial incidencia en nuestros centros escolares, sean seguros para nuestres compa\u00f1eres y alumnado. La situaci\u00f3n actual de pandemia no puede ser una excusa para el recorte de derechos y libertades.<\/p>\n","protected":false},"excerpt":{"rendered":"<p>El 23 de marzo un maestro fue zarandeado, empujado, insultado y vejado a causa de su identidad sexual en Cebreros (\u00c1vila). En esos d\u00edas desde &hellip; <\/p>\n","protected":false},"author":1,"featured_media":137,"comment_status":"open","ping_status":"open","sticky":false,"template":"","format":"standard","meta":{"footnotes":""},"categories":[36,12],"tags":[24,32,41,40],"class_list":["post-135","post","type-post","status-publish","format-standard","has-post-thumbnail","hentry","category-incidencia","category-noticias","tag-acoso","tag-trans","tag-transfobia","tag-violencias"],"_links":{"self":[{"href":"https:\/\/docenteslgtbi.es\/index.php\/wp-json\/wp\/v2\/posts\/135","targetHints":{"allow":["GET"]}}],"collection":[{"href":"https:\/\/docenteslgtbi.es\/index.php\/wp-json\/wp\/v2\/posts"}],"about":[{"href":"https:\/\/docenteslgtbi.es\/index.php\/wp-json\/wp\/v2\/types\/post"}],"author":[{"embeddable":true,"href":"https:\/\/docenteslgtbi.es\/index.php\/wp-json\/wp\/v2\/users\/1"}],"replies":[{"embeddable":true,"href":"https:\/\/docenteslgtbi.es\/index.php\/wp-json\/wp\/v2\/comments?post=135"}],"version-history":[{"count":1,"href":"https:\/\/docenteslgtbi.es\/index.php\/wp-json\/wp\/v2\/posts\/135\/revisions"}],"predecessor-version":[{"id":136,"href":"https:\/\/docenteslgtbi.es\/index.php\/wp-json\/wp\/v2\/posts\/135\/revisions\/136"}],"wp:featuredmedia":[{"embeddable":true,"href":"https:\/\/docenteslgtbi.es\/index.php\/wp-json\/wp\/v2\/media\/137"}],"wp:attachment":[{"href":"https:\/\/docenteslgtbi.es\/index.php\/wp-json\/wp\/v2\/media?parent=135"}],"wp:term":[{"taxonomy":"category","embeddable":true,"href":"https:\/\/docenteslgtbi.es\/index.php\/wp-json\/wp\/v2\/categories?post=135"},{"taxonomy":"post_tag","embeddable":true,"href":"https:\/\/docenteslgtbi.es\/index.php\/wp-json\/wp\/v2\/tags?post=135"}],"curies":[{"name":"wp","href":"https:\/\/api.w.org\/{rel}","templated":true}]}}